{"id":2640,"date":"2022-08-01T15:52:54","date_gmt":"2022-08-01T15:52:54","guid":{"rendered":"https:\/\/groupe-egli.ch\/2022\/08\/01\/die-liebe-zum-detail-macht-die-qualitaet-des-ganzen\/"},"modified":"2023-12-13T12:52:35","modified_gmt":"2023-12-13T12:52:35","slug":"cest-lattention-portee-aux-details-qui-definit-la-qualite-de-lensemble","status":"publish","type":"post","link":"https:\/\/groupe-egli.ch\/fr\/2022\/08\/01\/cest-lattention-portee-aux-details-qui-definit-la-qualite-de-lensemble\/","title":{"rendered":"C\u2019est l\u2019attention port\u00e9e aux d\u00e9tails qui d\u00e9finit la qualit\u00e9 de l\u2019ensemble."},"content":{"rendered":"","protected":false},"excerpt":{"rendered":"","protected":false},"author":2,"featured_media":1984,"comment_status":"open","ping_status":"open","sticky":false,"template":"","format":"standard","meta":{"_acf_changed":false},"categories":[42],"tags":[],"class_list":["post-2640","post","type-post","status-publish","format-standard","has-post-thumbnail","hentry","category-news"],"acf":[],"_links":{"self":[{"href":"https:\/\/groupe-egli.ch\/fr\/wp-json\/wp\/v2\/posts\/2640","targetHints":{"allow":["GET"]}}],"collection":[{"href":"https:\/\/groupe-egli.ch\/fr\/wp-json\/wp\/v2\/posts"}],"about":[{"href":"https:\/\/groupe-egli.ch\/fr\/wp-json\/wp\/v2\/types\/post"}],"author":[{"embeddable":true,"href":"https:\/\/groupe-egli.ch\/fr\/wp-json\/wp\/v2\/users\/2"}],"replies":[{"embeddable":true,"href":"https:\/\/groupe-egli.ch\/fr\/wp-json\/wp\/v2\/comments?post=2640"}],"version-history":[{"count":2,"href":"https:\/\/groupe-egli.ch\/fr\/wp-json\/wp\/v2\/posts\/2640\/revisions"}],"predecessor-version":[{"id":3423,"href":"https:\/\/groupe-egli.ch\/fr\/wp-json\/wp\/v2\/posts\/2640\/revisions\/3423"}],"wp:featuredmedia":[{"embeddable":true,"href":"https:\/\/groupe-egli.ch\/fr\/wp-json\/wp\/v2\/media\/1984"}],"wp:attachment":[{"href":"https:\/\/groupe-egli.ch\/fr\/wp-json\/wp\/v2\/media?parent=2640"}],"wp:term":[{"taxonomy":"category","embeddable":true,"href":"https:\/\/groupe-egli.ch\/fr\/wp-json\/wp\/v2\/categories?post=2640"},{"taxonomy":"post_tag","embeddable":true,"href":"https:\/\/groupe-egli.ch\/fr\/wp-json\/wp\/v2\/tags?post=2640"}],"curies":[{"name":"wp","href":"https:\/\/api.w.org\/{rel}","templated":true}]}}